{"id":7645,"date":"2023-05-03T13:13:59","date_gmt":"2023-05-03T13:13:59","guid":{"rendered":"https:\/\/www.cetes.com.br\/?p=7645"},"modified":"2023-05-03T13:31:18","modified_gmt":"2023-05-03T13:31:18","slug":"dia-nacional-do-livro-infantil","status":"publish","type":"post","link":"https:\/\/www.cetes.com.br\/?p=7645","title":{"rendered":"DIA NACIONAL DO LIVRO INFANTIL"},"content":{"rendered":"\t\t<div data-elementor-type=\"wp-post\" data-elementor-id=\"7645\" class=\"elementor elementor-7645\" data-elementor-settings=\"[]\">\n\t\t\t\t\t\t<div class=\"elementor-inner\">\n\t\t\t\t\t\t\t<div class=\"elementor-section-wrap\">\n\t\t\t\t\t\t\t<section class=\"elementor-section elementor-top-section elementor-element elementor-element-6c559fc elementor-section-boxed elementor-section-height-default elementor-section-height-default\" data-id=\"6c559fc\" data-element_type=\"section\">\n\t\t\t\t\t\t<div class=\"elementor-container elementor-column-gap-default\">\n\t\t\t\t\t\t\t<div class=\"elementor-row\">\n\t\t\t\t\t<div class=\"elementor-column elementor-col-100 elementor-top-column elementor-element elementor-element-5e86db8\" data-id=\"5e86db8\" data-element_type=\"column\">\n\t\t\t<div class=\"elementor-column-wrap elementor-element-populated\">\n\t\t\t\t\t\t\t<div class=\"elementor-widget-wrap\">\n\t\t\t\t\t\t<div class=\"elementor-element elementor-element-3b31541 elementor-widget elementor-widget-text-editor\" data-id=\"3b31541\" data-element_type=\"widget\" data-widget_type=\"text-editor.default\">\n\t\t\t\t<div class=\"elementor-widget-container\">\n\t\t\t\t\t\t\t\t<div class=\"elementor-text-editor elementor-clearfix\">\n\t\t\t\t<div class=\"x11i5rnm xat24cr x1mh8g0r x1vvkbs xtlvy1s x126k92a\"><div dir=\"auto\">A comemora\u00e7\u00e3o n\u00e3o poderia ser diferente, com muita hist\u00f3ria, teatro, participa\u00e7\u00e3o especial da Em\u00edlia de Monteiro Lobato e, at\u00e9 mesmo, um delicioso bolinho de chuva feito pelas m\u00e3os dessas fofuras.<\/div><\/div><div dir=\"auto\">\u00a0<\/div><div class=\"x11i5rnm xat24cr x1mh8g0r x1vvkbs xtlvy1s x126k92a\"><div dir=\"auto\">Uhhh, um dia muito gostoso!<\/div><div dir=\"auto\">\u00a0<\/div><\/div><div class=\"x11i5rnm xat24cr x1mh8g0r x1vvkbs xtlvy1s x126k92a\"><div dir=\"auto\"><strong>Crescer \u00e9 bom, crescer no Cet\u00e9s \u00e9 ainda melhor!<\/strong><\/div><\/div>\t\t\t\t\t<\/div>\n\t\t\t\t\t\t<\/div>\n\t\t\t\t<\/div>\n\t\t\t\t\t\t<\/div>\n\t\t\t\t\t<\/div>\n\t\t<\/div>\n\t\t\t\t\t\t\t\t<\/div>\n\t\t\t\t\t<\/div>\n\t\t<\/section>\n\t\t\t\t<section class=\"elementor-section elementor-top-section elementor-element elementor-element-3ffad98 elementor-section-boxed elementor-section-height-default elementor-section-height-default\" data-id=\"3ffad98\" data-element_type=\"section\">\n\t\t\t\t\t\t<div class=\"elementor-container elementor-column-gap-default\">\n\t\t\t\t\t\t\t<div class=\"elementor-row\">\n\t\t\t\t\t<div class=\"elementor-column elementor-col-50 elementor-top-column elementor-element elementor-element-e303007\" data-id=\"e303007\" data-element_type=\"column\">\n\t\t\t<div class=\"elementor-column-wrap elementor-element-populated\">\n\t\t\t\t\t\t\t<div class=\"elementor-widget-wrap\">\n\t\t\t\t\t\t<div class=\"elementor-element elementor-element-c7f15df elementor-widget elementor-widget-image\" data-id=\"c7f15df\" data-element_type=\"widget\" data-widget_type=\"image.default\">\n\t\t\t\t<div class=\"elementor-widget-container\">\n\t\t\t\t\t\t\t\t<div class=\"elementor-image\">\n\t\t\t\t\t\t\t\t\t\t\t\t<img width=\"768\" height=\"768\" src=\"https:\/\/www.cetes.com.br\/wp-content\/uploads\/2023\/05\/Livro-Infantil-1-768x768.jpg\" class=\"attachment-medium_large size-medium_large\" alt=\"\" loading=\"lazy\" srcset=\"https:\/\/www.cetes.com.br\/wp-content\/uploads\/2023\/05\/Livro-Infantil-1-768x768.jpg 768w, https:\/\/www.cetes.com.br\/wp-content\/uploads\/2023\/05\/Livro-Infantil-1-300x300.jpg 300w, https:\/\/www.cetes.com.br\/wp-content\/uploads\/2023\/05\/Livro-Infantil-1-1024x1024.jpg 1024w, https:\/\/www.cetes.com.br\/wp-content\/uploads\/2023\/05\/Livro-Infantil-1-150x150.jpg 150w, https:\/\/www.cetes.com.br\/wp-content\/uploads\/2023\/05\/Livro-Infantil-1.jpg 1080w\" sizes=\"(max-width: 768px) 100vw, 768px\" \/>\t\t\t\t\t\t\t\t\t\t\t\t\t\t<\/div>\n\t\t\t\t\t\t<\/div>\n\t\t\t\t<\/div>\n\t\t\t\t\t\t<\/div>\n\t\t\t\t\t<\/div>\n\t\t<\/div>\n\t\t\t\t<div class=\"elementor-column elementor-col-50 elementor-top-column elementor-element elementor-element-240ef1f\" data-id=\"240ef1f\" data-element_type=\"column\">\n\t\t\t<div class=\"elementor-column-wrap elementor-element-populated\">\n\t\t\t\t\t\t\t<div class=\"elementor-widget-wrap\">\n\t\t\t\t\t\t<div class=\"elementor-element elementor-element-8401c1d elementor-widget elementor-widget-image\" data-id=\"8401c1d\" data-element_type=\"widget\" data-widget_type=\"image.default\">\n\t\t\t\t<div class=\"elementor-widget-container\">\n\t\t\t\t\t\t\t\t<div class=\"elementor-image\">\n\t\t\t\t\t\t\t\t\t\t\t\t<img width=\"768\" height=\"768\" src=\"https:\/\/www.cetes.com.br\/wp-content\/uploads\/2023\/05\/Livro-Infantil-2-768x768.jpg\" class=\"attachment-medium_large size-medium_large\" alt=\"\" loading=\"lazy\" srcset=\"https:\/\/www.cetes.com.br\/wp-content\/uploads\/2023\/05\/Livro-Infantil-2-768x768.jpg 768w, https:\/\/www.cetes.com.br\/wp-content\/uploads\/2023\/05\/Livro-Infantil-2-300x300.jpg 300w, https:\/\/www.cetes.com.br\/wp-content\/uploads\/2023\/05\/Livro-Infantil-2-1024x1024.jpg 1024w, https:\/\/www.cetes.com.br\/wp-content\/uploads\/2023\/05\/Livro-Infantil-2-150x150.jpg 150w, https:\/\/www.cetes.com.br\/wp-content\/uploads\/2023\/05\/Livro-Infantil-2.jpg 1080w\" sizes=\"(max-width: 768px) 100vw, 768px\" \/>\t\t\t\t\t\t\t\t\t\t\t\t\t\t<\/div>\n\t\t\t\t\t\t<\/div>\n\t\t\t\t<\/div>\n\t\t\t\t\t\t<\/div>\n\t\t\t\t\t<\/div>\n\t\t<\/div>\n\t\t\t\t\t\t\t\t<\/div>\n\t\t\t\t\t<\/div>\n\t\t<\/section>\n\t\t\t\t<section class=\"elementor-section elementor-top-section elementor-element elementor-element-546f470 elementor-section-boxed elementor-section-height-default elementor-section-height-default\" data-id=\"546f470\" data-element_type=\"section\">\n\t\t\t\t\t\t<div class=\"elementor-container elementor-column-gap-default\">\n\t\t\t\t\t\t\t<div class=\"elementor-row\">\n\t\t\t\t\t<div class=\"elementor-column elementor-col-50 elementor-top-column elementor-element elementor-element-3648c52\" data-id=\"3648c52\" data-element_type=\"column\">\n\t\t\t<div class=\"elementor-column-wrap elementor-element-populated\">\n\t\t\t\t\t\t\t<div class=\"elementor-widget-wrap\">\n\t\t\t\t\t\t<div class=\"elementor-element elementor-element-63b6fa4 elementor-widget elementor-widget-image\" data-id=\"63b6fa4\" data-element_type=\"widget\" data-widget_type=\"image.default\">\n\t\t\t\t<div class=\"elementor-widget-container\">\n\t\t\t\t\t\t\t\t<div class=\"elementor-image\">\n\t\t\t\t\t\t\t\t\t\t\t\t<img width=\"800\" height=\"800\" src=\"https:\/\/www.cetes.com.br\/wp-content\/uploads\/2023\/05\/Livro-infantil3-1024x1024.jpg\" class=\"attachment-large size-large\" alt=\"\" loading=\"lazy\" srcset=\"https:\/\/www.cetes.com.br\/wp-content\/uploads\/2023\/05\/Livro-infantil3-1024x1024.jpg 1024w, https:\/\/www.cetes.com.br\/wp-content\/uploads\/2023\/05\/Livro-infantil3-300x300.jpg 300w, https:\/\/www.cetes.com.br\/wp-content\/uploads\/2023\/05\/Livro-infantil3-150x150.jpg 150w, https:\/\/www.cetes.com.br\/wp-content\/uploads\/2023\/05\/Livro-infantil3-768x768.jpg 768w, https:\/\/www.cetes.com.br\/wp-content\/uploads\/2023\/05\/Livro-infantil3.jpg 1080w\" sizes=\"(max-width: 800px) 100vw, 800px\" \/>\t\t\t\t\t\t\t\t\t\t\t\t\t\t<\/div>\n\t\t\t\t\t\t<\/div>\n\t\t\t\t<\/div>\n\t\t\t\t\t\t<\/div>\n\t\t\t\t\t<\/div>\n\t\t<\/div>\n\t\t\t\t<div class=\"elementor-column elementor-col-50 elementor-top-column elementor-element elementor-element-905269e\" data-id=\"905269e\" data-element_type=\"column\">\n\t\t\t<div class=\"elementor-column-wrap elementor-element-populated\">\n\t\t\t\t\t\t\t<div class=\"elementor-widget-wrap\">\n\t\t\t\t\t\t<div class=\"elementor-element elementor-element-dba5c4e elementor-widget elementor-widget-image\" data-id=\"dba5c4e\" data-element_type=\"widget\" data-widget_type=\"image.default\">\n\t\t\t\t<div class=\"elementor-widget-container\">\n\t\t\t\t\t\t\t\t<div class=\"elementor-image\">\n\t\t\t\t\t\t\t\t\t\t\t\t<img width=\"768\" height=\"768\" src=\"https:\/\/www.cetes.com.br\/wp-content\/uploads\/2023\/05\/Livro-infantil-4-768x768.jpg\" class=\"attachment-medium_large size-medium_large\" alt=\"\" loading=\"lazy\" srcset=\"https:\/\/www.cetes.com.br\/wp-content\/uploads\/2023\/05\/Livro-infantil-4-768x768.jpg 768w, https:\/\/www.cetes.com.br\/wp-content\/uploads\/2023\/05\/Livro-infantil-4-300x300.jpg 300w, https:\/\/www.cetes.com.br\/wp-content\/uploads\/2023\/05\/Livro-infantil-4-150x150.jpg 150w, https:\/\/www.cetes.com.br\/wp-content\/uploads\/2023\/05\/Livro-infantil-4.jpg 900w\" sizes=\"(max-width: 768px) 100vw, 768px\" \/>\t\t\t\t\t\t\t\t\t\t\t\t\t\t<\/div>\n\t\t\t\t\t\t<\/div>\n\t\t\t\t<\/div>\n\t\t\t\t\t\t<\/div>\n\t\t\t\t\t<\/div>\n\t\t<\/div>\n\t\t\t\t\t\t\t\t<\/div>\n\t\t\t\t\t<\/div>\n\t\t<\/section>\n\t\t\t\t<section class=\"elementor-section elementor-top-section elementor-element elementor-element-1a6b197 elementor-section-boxed elementor-section-height-default elementor-section-height-default\" data-id=\"1a6b197\" data-element_type=\"section\">\n\t\t\t\t\t\t<div class=\"elementor-container elementor-column-gap-default\">\n\t\t\t\t\t\t\t<div class=\"elementor-row\">\n\t\t\t\t\t<div class=\"elementor-column elementor-col-100 elementor-top-column elementor-element elementor-element-e2952be\" data-id=\"e2952be\" data-element_type=\"column\">\n\t\t\t<div class=\"elementor-column-wrap elementor-element-populated\">\n\t\t\t\t\t\t\t<div class=\"elementor-widget-wrap\">\n\t\t\t\t\t\t<div class=\"elementor-element elementor-element-2be9d47 elementor-widget elementor-widget-text-editor\" data-id=\"2be9d47\" data-element_type=\"widget\" data-widget_type=\"text-editor.default\">\n\t\t\t\t<div class=\"elementor-widget-container\">\n\t\t\t\t\t\t\t\t<div class=\"elementor-text-editor elementor-clearfix\">\n\t\t\t\t\t\t\t\t\t<\/div>\n\t\t\t\t\t\t<\/div>\n\t\t\t\t<\/div>\n\t\t\t\t\t\t<\/div>\n\t\t\t\t\t<\/div>\n\t\t<\/div>\n\t\t\t\t\t\t\t\t<\/div>\n\t\t\t\t\t<\/div>\n\t\t<\/section>\n\t\t\t\t<section class=\"elementor-section elementor-top-section elementor-element elementor-element-83e160b elementor-section-boxed elementor-section-height-default elementor-section-height-default\" data-id=\"83e160b\" data-element_type=\"section\">\n\t\t\t\t\t\t<div class=\"elementor-container elementor-column-gap-default\">\n\t\t\t\t\t\t\t<div class=\"elementor-row\">\n\t\t\t\t\t<div class=\"elementor-column elementor-col-100 elementor-top-column elementor-element elementor-element-cddfb95\" data-id=\"cddfb95\" data-element_type=\"column\">\n\t\t\t<div class=\"elementor-column-wrap elementor-element-populated\">\n\t\t\t\t\t\t\t<div class=\"elementor-widget-wrap\">\n\t\t\t\t\t\t<div class=\"elementor-element elementor-element-1a7ac8a elementor-widget elementor-widget-text-editor\" data-id=\"1a7ac8a\" data-element_type=\"widget\" data-widget_type=\"text-editor.default\">\n\t\t\t\t<div class=\"elementor-widget-container\">\n\t\t\t\t\t\t\t\t<div class=\"elementor-text-editor elementor-clearfix\">\n\t\t\t\t<p>Siga o\u00a0<strong>Col\u00e9gio Cet\u00e9s<\/strong>, nas redes sociais:\u00a0<\/p><p><strong>Instagram:<\/strong>\u00a0@colegiocetes\u00a0<\/p><p><strong>Facebook:<\/strong>\u00a0\/ColegioCetes\u00a0<\/p><p><strong>Melhor Escola.\u00a0<\/strong>\u00a0<\/p><p><strong>Escola particular de Suzano e regi\u00e3o.<\/strong>\u00a0<\/p><p><a tabindex=\"0\" role=\"link\" href=\"https:\/\/www.facebook.com\/hashtag\/escolaparticular?__eep__=6&amp;__cft__[0]=AZXeknj1pKs-MVKeA77Lsr690EFCbMv9oaMmqWXuM9DTMPo_D9NkrKqLtDbGCyg4a1FL0AMNJ4Ok_DSwxbpo1s32XRm3TPUn6QiQINjOWMYM1H6eJ8Gy3BZfZ3IWWfkKAoxIWUfvNPgEIwsvGLqzyRxARhsglAibOb1R6VGZ81RhWGmg1yWjcvo74R8Ma4SSvRuRCTKRubEKCsXVMM7ua4kU&amp;__tn__=*NK-R\">#escolaparticular<\/a>\u00a0<a tabindex=\"0\" role=\"link\" href=\"https:\/\/www.facebook.com\/hashtag\/infantil?__eep__=6&amp;__cft__[0]=AZXeknj1pKs-MVKeA77Lsr690EFCbMv9oaMmqWXuM9DTMPo_D9NkrKqLtDbGCyg4a1FL0AMNJ4Ok_DSwxbpo1s32XRm3TPUn6QiQINjOWMYM1H6eJ8Gy3BZfZ3IWWfkKAoxIWUfvNPgEIwsvGLqzyRxARhsglAibOb1R6VGZ81RhWGmg1yWjcvo74R8Ma4SSvRuRCTKRubEKCsXVMM7ua4kU&amp;__tn__=*NK-R\">#infantil<\/a>\u00a0<a tabindex=\"0\" role=\"link\" href=\"https:\/\/www.facebook.com\/hashtag\/fundamental?__eep__=6&amp;__cft__[0]=AZXeknj1pKs-MVKeA77Lsr690EFCbMv9oaMmqWXuM9DTMPo_D9NkrKqLtDbGCyg4a1FL0AMNJ4Ok_DSwxbpo1s32XRm3TPUn6QiQINjOWMYM1H6eJ8Gy3BZfZ3IWWfkKAoxIWUfvNPgEIwsvGLqzyRxARhsglAibOb1R6VGZ81RhWGmg1yWjcvo74R8Ma4SSvRuRCTKRubEKCsXVMM7ua4kU&amp;__tn__=*NK-R\">#fundamental<\/a>\u00a0<a tabindex=\"0\" role=\"link\" href=\"https:\/\/www.facebook.com\/hashtag\/ensinomedio?__eep__=6&amp;__cft__[0]=AZXeknj1pKs-MVKeA77Lsr690EFCbMv9oaMmqWXuM9DTMPo_D9NkrKqLtDbGCyg4a1FL0AMNJ4Ok_DSwxbpo1s32XRm3TPUn6QiQINjOWMYM1H6eJ8Gy3BZfZ3IWWfkKAoxIWUfvNPgEIwsvGLqzyRxARhsglAibOb1R6VGZ81RhWGmg1yWjcvo74R8Ma4SSvRuRCTKRubEKCsXVMM7ua4kU&amp;__tn__=*NK-R\">#ensinomedio<\/a>\u00a0<a tabindex=\"0\" role=\"link\" href=\"https:\/\/www.facebook.com\/hashtag\/melhorescola?__eep__=6&amp;__cft__[0]=AZXeknj1pKs-MVKeA77Lsr690EFCbMv9oaMmqWXuM9DTMPo_D9NkrKqLtDbGCyg4a1FL0AMNJ4Ok_DSwxbpo1s32XRm3TPUn6QiQINjOWMYM1H6eJ8Gy3BZfZ3IWWfkKAoxIWUfvNPgEIwsvGLqzyRxARhsglAibOb1R6VGZ81RhWGmg1yWjcvo74R8Ma4SSvRuRCTKRubEKCsXVMM7ua4kU&amp;__tn__=*NK-R\">#melhorescola<\/a><\/p>\t\t\t\t\t<\/div>\n\t\t\t\t\t\t<\/div>\n\t\t\t\t<\/div>\n\t\t\t\t\t\t<\/div>\n\t\t\t\t\t<\/div>\n\t\t<\/div>\n\t\t\t\t\t\t\t\t<\/div>\n\t\t\t\t\t<\/div>\n\t\t<\/section>\n\t\t\t\t\t\t<\/div>\n\t\t\t\t\t\t<\/div>\n\t\t\t\t\t<\/div>\n\t\t","protected":false},"excerpt":{"rendered":"<p>DIA NACIONAL DO LIVRO INFANTIL<\/p>\n<p>A comemora\u00e7\u00e3o n\u00e3o poderia ser diferente, com muita hist\u00f3ria, teatro, participa\u00e7\u00e3o especial da Em\u00edlia de Monteiro Lobato e, at\u00e9 mesmo, um delicioso bolinho de chuva feito pelas m\u00e3os dessas fofuras.<\/p>\n<p>Uhhh, um dia muito gostoso!<\/p>\n<p>Crescer \u00e9 bom, crescer no Cet\u00e9s \u00e9 ainda melhor!<\/p>\n","protected":false},"author":1,"featured_media":7646,"comment_status":"open","ping_status":"open","sticky":false,"template":"","format":"standard","meta":[],"categories":[89],"tags":[25,19,23,24,21,43,49,48,27,53],"yoast_head":"<!-- This site is optimized with the Yoast SEO plugin v18.8 - https:\/\/yoast.com\/wordpress\/plugins\/seo\/ -->\n<title>DIA NACIONAL DO LIVRO INFANTIL - Col\u00e9gio Cet\u00e9s - Melhor Escola particular - Educa\u00e7\u00e3o Infantil, Fundamental e Ensino M\u00e9dio<\/title>\n<meta name=\"robots\" content=\"index, follow, max-snippet:-1, max-image-preview:large, max-video-preview:-1\" \/>\n<link rel=\"canonical\" href=\"https:\/\/www.cetes.com.br\/?p=7645\" \/>\n<meta property=\"og:locale\" content=\"pt_BR\" \/>\n<meta property=\"og:type\" content=\"article\" \/>\n<meta property=\"og:title\" content=\"DIA NACIONAL DO LIVRO INFANTIL - Col\u00e9gio Cet\u00e9s - Melhor Escola particular - Educa\u00e7\u00e3o Infantil, Fundamental e Ensino M\u00e9dio\" \/>\n<meta property=\"og:description\" content=\"DIA NACIONAL DO LIVRO INFANTIL A comemora\u00e7\u00e3o n\u00e3o poderia ser diferente, com muita hist\u00f3ria, teatro, participa\u00e7\u00e3o especial da Em\u00edlia de Monteiro Lobato e, at\u00e9 mesmo, um delicioso bolinho de chuva feito pelas m\u00e3os dessas fofuras. Uhhh, um dia muito gostoso! Crescer \u00e9 bom, crescer no Cet\u00e9s \u00e9 ainda melhor!\" \/>\n<meta property=\"og:url\" content=\"https:\/\/www.cetes.com.br\/?p=7645\" \/>\n<meta property=\"og:site_name\" content=\"Col\u00e9gio Cet\u00e9s - Melhor Escola particular - Educa\u00e7\u00e3o Infantil, Fundamental e Ensino M\u00e9dio\" \/>\n<meta property=\"article:publisher\" content=\"https:\/\/www.facebook.com\/ColegioCetes\/\" \/>\n<meta property=\"article:published_time\" content=\"2023-05-03T13:13:59+00:00\" \/>\n<meta property=\"article:modified_time\" content=\"2023-05-03T13:31:18+00:00\" \/>\n<meta property=\"og:image\" content=\"https:\/\/www.cetes.com.br\/wp-content\/uploads\/2023\/05\/Livro-Infantil-2.jpg\" \/>\n\t<meta property=\"og:image:width\" content=\"1080\" \/>\n\t<meta property=\"og:image:height\" content=\"1080\" \/>\n\t<meta property=\"og:image:type\" content=\"image\/jpeg\" \/>\n<meta name=\"twitter:card\" content=\"summary_large_image\" \/>\n<meta name=\"twitter:label1\" content=\"Escrito por\" \/>\n\t<meta name=\"twitter:data1\" content=\"admin\" \/>\n\t<meta name=\"twitter:label2\" content=\"Est. tempo de leitura\" \/>\n\t<meta name=\"twitter:data2\" content=\"2 minutos\" \/>\n<script type=\"application\/ld+json\" class=\"yoast-schema-graph\">{\"@context\":\"https:\/\/schema.org\",\"@graph\":[{\"@type\":\"Organization\",\"@id\":\"https:\/\/www.cetes.com.br\/#organization\",\"name\":\"Col\u00e9gio Cet\u00e9s\",\"url\":\"https:\/\/www.cetes.com.br\/\",\"sameAs\":[\"https:\/\/www.facebook.com\/ColegioCetes\/\",\"https:\/\/www.instagram.com\/colegiocetes\/\",\"https:\/\/www.youtube.com\/ColegioCetes\"],\"logo\":{\"@type\":\"ImageObject\",\"inLanguage\":\"pt-BR\",\"@id\":\"https:\/\/www.cetes.com.br\/#\/schema\/logo\/image\/\",\"url\":\"https:\/\/www.cetes.com.br\/wp-content\/uploads\/2020\/01\/Logo-500px.png\",\"contentUrl\":\"https:\/\/www.cetes.com.br\/wp-content\/uploads\/2020\/01\/Logo-500px.png\",\"width\":500,\"height\":205,\"caption\":\"Col\u00e9gio Cet\u00e9s\"},\"image\":{\"@id\":\"https:\/\/www.cetes.com.br\/#\/schema\/logo\/image\/\"}},{\"@type\":\"WebSite\",\"@id\":\"https:\/\/www.cetes.com.br\/#website\",\"url\":\"https:\/\/www.cetes.com.br\/\",\"name\":\"Col\u00e9gio Cet\u00e9s - Melhor Escola particular - Educa\u00e7\u00e3o Infantil, Fundamental e Ensino M\u00e9dio\",\"description\":\"Melhor escola particular de Suzano - Educa\u00e7\u00e3o Infantil, Fundamental e Ensino M\u00e9dio\",\"publisher\":{\"@id\":\"https:\/\/www.cetes.com.br\/#organization\"},\"potentialAction\":[{\"@type\":\"SearchAction\",\"target\":{\"@type\":\"EntryPoint\",\"urlTemplate\":\"https:\/\/www.cetes.com.br\/?s={search_term_string}\"},\"query-input\":\"required name=search_term_string\"}],\"inLanguage\":\"pt-BR\"},{\"@type\":\"ImageObject\",\"inLanguage\":\"pt-BR\",\"@id\":\"https:\/\/www.cetes.com.br\/?p=7645#primaryimage\",\"url\":\"https:\/\/www.cetes.com.br\/wp-content\/uploads\/2023\/05\/Livro-Infantil-2.jpg\",\"contentUrl\":\"https:\/\/www.cetes.com.br\/wp-content\/uploads\/2023\/05\/Livro-Infantil-2.jpg\",\"width\":1080,\"height\":1080},{\"@type\":\"WebPage\",\"@id\":\"https:\/\/www.cetes.com.br\/?p=7645#webpage\",\"url\":\"https:\/\/www.cetes.com.br\/?p=7645\",\"name\":\"DIA NACIONAL DO LIVRO INFANTIL - Col\u00e9gio Cet\u00e9s - Melhor Escola particular - Educa\u00e7\u00e3o Infantil, Fundamental e Ensino M\u00e9dio\",\"isPartOf\":{\"@id\":\"https:\/\/www.cetes.com.br\/#website\"},\"primaryImageOfPage\":{\"@id\":\"https:\/\/www.cetes.com.br\/?p=7645#primaryimage\"},\"datePublished\":\"2023-05-03T13:13:59+00:00\",\"dateModified\":\"2023-05-03T13:31:18+00:00\",\"breadcrumb\":{\"@id\":\"https:\/\/www.cetes.com.br\/?p=7645#breadcrumb\"},\"inLanguage\":\"pt-BR\",\"potentialAction\":[{\"@type\":\"ReadAction\",\"target\":[\"https:\/\/www.cetes.com.br\/?p=7645\"]}]},{\"@type\":\"BreadcrumbList\",\"@id\":\"https:\/\/www.cetes.com.br\/?p=7645#breadcrumb\",\"itemListElement\":[{\"@type\":\"ListItem\",\"position\":1,\"name\":\"In\u00edcio\",\"item\":\"https:\/\/www.cetes.com.br\/\"},{\"@type\":\"ListItem\",\"position\":2,\"name\":\"DIA NACIONAL DO LIVRO INFANTIL\"}]},{\"@type\":\"Article\",\"@id\":\"https:\/\/www.cetes.com.br\/?p=7645#article\",\"isPartOf\":{\"@id\":\"https:\/\/www.cetes.com.br\/?p=7645#webpage\"},\"author\":{\"@id\":\"https:\/\/www.cetes.com.br\/#\/schema\/person\/f9efdb41d53bc0656895cdf558601af7\"},\"headline\":\"DIA NACIONAL DO LIVRO INFANTIL\",\"datePublished\":\"2023-05-03T13:13:59+00:00\",\"dateModified\":\"2023-05-03T13:31:18+00:00\",\"mainEntityOfPage\":{\"@id\":\"https:\/\/www.cetes.com.br\/?p=7645#webpage\"},\"wordCount\":81,\"commentCount\":0,\"publisher\":{\"@id\":\"https:\/\/www.cetes.com.br\/#organization\"},\"image\":{\"@id\":\"https:\/\/www.cetes.com.br\/?p=7645#primaryimage\"},\"thumbnailUrl\":\"https:\/\/www.cetes.com.br\/wp-content\/uploads\/2023\/05\/Livro-Infantil-2.jpg\",\"keywords\":[\"Col\u00e9gio Cet\u00e9s\",\"Educa\u00e7\u00e3o Infantil\",\"Ensino Fundamental\",\"Ensino M\u00e9dio\",\"Escola Particular\",\"Escola Refer\u00eancia\",\"Escolas Particulares\",\"Escolas Refer\u00eancias\",\"melhor escola\",\"Melhores Escolas\"],\"articleSection\":[\"Atividades\"],\"inLanguage\":\"pt-BR\",\"potentialAction\":[{\"@type\":\"CommentAction\",\"name\":\"Comment\",\"target\":[\"https:\/\/www.cetes.com.br\/?p=7645#respond\"]}]},{\"@type\":\"Person\",\"@id\":\"https:\/\/www.cetes.com.br\/#\/schema\/person\/f9efdb41d53bc0656895cdf558601af7\",\"name\":\"admin\",\"image\":{\"@type\":\"ImageObject\",\"inLanguage\":\"pt-BR\",\"@id\":\"https:\/\/www.cetes.com.br\/#\/schema\/person\/image\/\",\"url\":\"https:\/\/secure.gravatar.com\/avatar\/27037ba4f0dbb87b6b8c06626e4bcfde?s=96&d=mm&r=g\",\"contentUrl\":\"https:\/\/secure.gravatar.com\/avatar\/27037ba4f0dbb87b6b8c06626e4bcfde?s=96&d=mm&r=g\",\"caption\":\"admin\"},\"url\":\"https:\/\/www.cetes.com.br\/?author=1\"}]}<\/script>\n<!-- \/ Yoast SEO plugin. -->","yoast_head_json":{"title":"DIA NACIONAL DO LIVRO INFANTIL - Col\u00e9gio Cet\u00e9s - Melhor Escola particular - Educa\u00e7\u00e3o Infantil, Fundamental e Ensino M\u00e9dio","robots":{"index":"index","follow":"follow","max-snippet":"max-snippet:-1","max-image-preview":"max-image-preview:large","max-video-preview":"max-video-preview:-1"},"canonical":"https:\/\/www.cetes.com.br\/?p=7645","og_locale":"pt_BR","og_type":"article","og_title":"DIA NACIONAL DO LIVRO INFANTIL - Col\u00e9gio Cet\u00e9s - Melhor Escola particular - Educa\u00e7\u00e3o Infantil, Fundamental e Ensino M\u00e9dio","og_description":"DIA NACIONAL DO LIVRO INFANTIL A comemora\u00e7\u00e3o n\u00e3o poderia ser diferente, com muita hist\u00f3ria, teatro, participa\u00e7\u00e3o especial da Em\u00edlia de Monteiro Lobato e, at\u00e9 mesmo, um delicioso bolinho de chuva feito pelas m\u00e3os dessas fofuras. Uhhh, um dia muito gostoso! Crescer \u00e9 bom, crescer no Cet\u00e9s \u00e9 ainda melhor!","og_url":"https:\/\/www.cetes.com.br\/?p=7645","og_site_name":"Col\u00e9gio Cet\u00e9s - Melhor Escola particular - Educa\u00e7\u00e3o Infantil, Fundamental e Ensino M\u00e9dio","article_publisher":"https:\/\/www.facebook.com\/ColegioCetes\/","article_published_time":"2023-05-03T13:13:59+00:00","article_modified_time":"2023-05-03T13:31:18+00:00","og_image":[{"width":1080,"height":1080,"url":"https:\/\/www.cetes.com.br\/wp-content\/uploads\/2023\/05\/Livro-Infantil-2.jpg","type":"image\/jpeg"}],"twitter_card":"summary_large_image","twitter_misc":{"Escrito por":"admin","Est. tempo de leitura":"2 minutos"},"schema":{"@context":"https:\/\/schema.org","@graph":[{"@type":"Organization","@id":"https:\/\/www.cetes.com.br\/#organization","name":"Col\u00e9gio Cet\u00e9s","url":"https:\/\/www.cetes.com.br\/","sameAs":["https:\/\/www.facebook.com\/ColegioCetes\/","https:\/\/www.instagram.com\/colegiocetes\/","https:\/\/www.youtube.com\/ColegioCetes"],"logo":{"@type":"ImageObject","inLanguage":"pt-BR","@id":"https:\/\/www.cetes.com.br\/#\/schema\/logo\/image\/","url":"https:\/\/www.cetes.com.br\/wp-content\/uploads\/2020\/01\/Logo-500px.png","contentUrl":"https:\/\/www.cetes.com.br\/wp-content\/uploads\/2020\/01\/Logo-500px.png","width":500,"height":205,"caption":"Col\u00e9gio Cet\u00e9s"},"image":{"@id":"https:\/\/www.cetes.com.br\/#\/schema\/logo\/image\/"}},{"@type":"WebSite","@id":"https:\/\/www.cetes.com.br\/#website","url":"https:\/\/www.cetes.com.br\/","name":"Col\u00e9gio Cet\u00e9s - Melhor Escola particular - Educa\u00e7\u00e3o Infantil, Fundamental e Ensino M\u00e9dio","description":"Melhor escola particular de Suzano - Educa\u00e7\u00e3o Infantil, Fundamental e Ensino M\u00e9dio","publisher":{"@id":"https:\/\/www.cetes.com.br\/#organization"},"potentialAction":[{"@type":"SearchAction","target":{"@type":"EntryPoint","urlTemplate":"https:\/\/www.cetes.com.br\/?s={search_term_string}"},"query-input":"required name=search_term_string"}],"inLanguage":"pt-BR"},{"@type":"ImageObject","inLanguage":"pt-BR","@id":"https:\/\/www.cetes.com.br\/?p=7645#primaryimage","url":"https:\/\/www.cetes.com.br\/wp-content\/uploads\/2023\/05\/Livro-Infantil-2.jpg","contentUrl":"https:\/\/www.cetes.com.br\/wp-content\/uploads\/2023\/05\/Livro-Infantil-2.jpg","width":1080,"height":1080},{"@type":"WebPage","@id":"https:\/\/www.cetes.com.br\/?p=7645#webpage","url":"https:\/\/www.cetes.com.br\/?p=7645","name":"DIA NACIONAL DO LIVRO INFANTIL - Col\u00e9gio Cet\u00e9s - Melhor Escola particular - Educa\u00e7\u00e3o Infantil, Fundamental e Ensino M\u00e9dio","isPartOf":{"@id":"https:\/\/www.cetes.com.br\/#website"},"primaryImageOfPage":{"@id":"https:\/\/www.cetes.com.br\/?p=7645#primaryimage"},"datePublished":"2023-05-03T13:13:59+00:00","dateModified":"2023-05-03T13:31:18+00:00","breadcrumb":{"@id":"https:\/\/www.cetes.com.br\/?p=7645#breadcrumb"},"inLanguage":"pt-BR","potentialAction":[{"@type":"ReadAction","target":["https:\/\/www.cetes.com.br\/?p=7645"]}]},{"@type":"BreadcrumbList","@id":"https:\/\/www.cetes.com.br\/?p=7645#breadcrumb","itemListElement":[{"@type":"ListItem","position":1,"name":"In\u00edcio","item":"https:\/\/www.cetes.com.br\/"},{"@type":"ListItem","position":2,"name":"DIA NACIONAL DO LIVRO INFANTIL"}]},{"@type":"Article","@id":"https:\/\/www.cetes.com.br\/?p=7645#article","isPartOf":{"@id":"https:\/\/www.cetes.com.br\/?p=7645#webpage"},"author":{"@id":"https:\/\/www.cetes.com.br\/#\/schema\/person\/f9efdb41d53bc0656895cdf558601af7"},"headline":"DIA NACIONAL DO LIVRO INFANTIL","datePublished":"2023-05-03T13:13:59+00:00","dateModified":"2023-05-03T13:31:18+00:00","mainEntityOfPage":{"@id":"https:\/\/www.cetes.com.br\/?p=7645#webpage"},"wordCount":81,"commentCount":0,"publisher":{"@id":"https:\/\/www.cetes.com.br\/#organization"},"image":{"@id":"https:\/\/www.cetes.com.br\/?p=7645#primaryimage"},"thumbnailUrl":"https:\/\/www.cetes.com.br\/wp-content\/uploads\/2023\/05\/Livro-Infantil-2.jpg","keywords":["Col\u00e9gio Cet\u00e9s","Educa\u00e7\u00e3o Infantil","Ensino Fundamental","Ensino M\u00e9dio","Escola Particular","Escola Refer\u00eancia","Escolas Particulares","Escolas Refer\u00eancias","melhor escola","Melhores Escolas"],"articleSection":["Atividades"],"inLanguage":"pt-BR","potentialAction":[{"@type":"CommentAction","name":"Comment","target":["https:\/\/www.cetes.com.br\/?p=7645#respond"]}]},{"@type":"Person","@id":"https:\/\/www.cetes.com.br\/#\/schema\/person\/f9efdb41d53bc0656895cdf558601af7","name":"admin","image":{"@type":"ImageObject","inLanguage":"pt-BR","@id":"https:\/\/www.cetes.com.br\/#\/schema\/person\/image\/","url":"https:\/\/secure.gravatar.com\/avatar\/27037ba4f0dbb87b6b8c06626e4bcfde?s=96&d=mm&r=g","contentUrl":"https:\/\/secure.gravatar.com\/avatar\/27037ba4f0dbb87b6b8c06626e4bcfde?s=96&d=mm&r=g","caption":"admin"},"url":"https:\/\/www.cetes.com.br\/?author=1"}]}},"_links":{"self":[{"href":"https:\/\/www.cetes.com.br\/index.php?rest_route=\/wp\/v2\/posts\/7645"}],"collection":[{"href":"https:\/\/www.cetes.com.br\/index.php?rest_route=\/wp\/v2\/posts"}],"about":[{"href":"https:\/\/www.cetes.com.br\/index.php?rest_route=\/wp\/v2\/types\/post"}],"author":[{"embeddable":true,"href":"https:\/\/www.cetes.com.br\/index.php?rest_route=\/wp\/v2\/users\/1"}],"replies":[{"embeddable":true,"href":"https:\/\/www.cetes.com.br\/index.php?rest_route=%2Fwp%2Fv2%2Fcomments&post=7645"}],"version-history":[{"count":4,"href":"https:\/\/www.cetes.com.br\/index.php?rest_route=\/wp\/v2\/posts\/7645\/revisions"}],"predecessor-version":[{"id":7654,"href":"https:\/\/www.cetes.com.br\/index.php?rest_route=\/wp\/v2\/posts\/7645\/revisions\/7654"}],"wp:featuredmedia":[{"embeddable":true,"href":"https:\/\/www.cetes.com.br\/index.php?rest_route=\/wp\/v2\/media\/7646"}],"wp:attachment":[{"href":"https:\/\/www.cetes.com.br\/index.php?rest_route=%2Fwp%2Fv2%2Fmedia&parent=7645"}],"wp:term":[{"taxonomy":"category","embeddable":true,"href":"https:\/\/www.cetes.com.br\/index.php?rest_route=%2Fwp%2Fv2%2Fcategories&post=7645"},{"taxonomy":"post_tag","embeddable":true,"href":"https:\/\/www.cetes.com.br\/index.php?rest_route=%2Fwp%2Fv2%2Ftags&post=7645"}],"curies":[{"name":"wp","href":"https:\/\/api.w.org\/{rel}","templated":true}]}}